{"id":975,"date":"2020-09-23T11:36:26","date_gmt":"2020-09-23T09:36:26","guid":{"rendered":"https:\/\/fammed-grotniki.pl\/?p=975"},"modified":"2020-09-23T11:36:42","modified_gmt":"2020-09-23T09:36:42","slug":"badania-usg-doppler-color","status":"publish","type":"post","link":"https:\/\/fammed-grotniki.pl\/?p=975","title":{"rendered":"Badania USG Doppler Color"},"content":{"rendered":"\n<p>W \u015brod\u0119,<strong> 28 pa\u017adziernika<\/strong> <strong>od godziny 9:00 <\/strong>w przychodni Fammed w Grotnikach, b\u0119dzie mo\u017cliwo\u015b\u0107 wykonania p\u0142atnych <strong>bada\u0144<\/strong> <strong>USG.<\/strong> Badania maj\u0105 charakter przesiewowy.<\/p>\n\n\n\n<p>Zapisy na badania przyjmujemy telefonicznie w rejestracji. Podczas badania, ka\u017cdy pacjent zobowi\u0105zany jest do posiadania maseczki i r\u0119kawiczek. Badania s\u0105 odp\u0142atne.<\/p>\n\n\n\n<p><\/p>\n\n\n\n<p><\/p>\n\n\n\n<p><strong style=\"font-size: 1.3em\">USG Doppler Color<\/strong> (cena z opisem dr n.med. specjalisty radiologa):<\/p>\n\n\n\n<p><\/p>\n\n\n\n<figure class=\"wp-block-table is-style-stripes\"><table class=\"\"><tbody><tr><td>Naczy\u0144 szyjnych<\/td><td>55 z\u0142<\/td><\/tr><tr><td>Naczy\u0144 ko\u0144czyn dolnych \u017cylnych<\/td><td>55 z\u0142<\/td><\/tr><tr><td>Naczy\u0144 ko\u0144czyn dolnych t\u0119tniczych<\/td><td>55 z\u0142<\/td><\/tr><\/tbody><\/table><\/figure>\n\n\n\n<p><\/p>\n\n\n\n<p><strong>Wskazania:<\/strong> opuchni\u0119cia ko\u0144czyn dolnych, b\u00f3le ko\u0144czyn dolnych, b\u00f3le podczas chodzenia, uczucie ci\u0119\u017cko\u015bci n\u00f3g, kurcze i mrowienia ko\u0144czyn dolnych, \u017cylaki, podejrzenie zakrzepicy \u017cylnej, mia\u017cd\u017cyca, nadci\u015bnienie t\u0119tnicze, cukrzyca, podwy\u017cszony cholesterol, palenie papieros\u00f3w, zanik widzenia, udar m\u00f3zgu, zaburzenia r\u00f3wnowagi, b\u00f3le i zawroty g\u0142owy, zaburzenia pami\u0119ci, dr\u0119twienie r\u0105k<\/p>\n\n\n\n<figure class=\"wp-block-table is-style-stripes\"><table class=\"\"><tbody><tr><td><strong style=\"font-size: 1.3em\">Echo Serca<\/strong> (cena z opisem dr n.med. specjalisty kardiologa)<\/td><td>55 z\u0142<\/td><\/tr><\/tbody><\/table><\/figure>\n\n\n\n<p><\/p>\n\n\n\n<p><strong>Wskazania<\/strong>: wada serca, b\u00f3l w klatce piersiowej, zawa\u0142 serca, nadci\u015bnienie t\u0119tnicze, omdlenia, utrata przytomno\u015bci, udar m\u00f3zgu, nadci\u015bnienie p\u0142ucne, choroby serca w rodzinie, zesp\u00f3\u0142 Marfana<\/p>\n\n\n\n<figure class=\"wp-block-table is-style-stripes\"><table class=\"\"><tbody><tr><td><strong style=\"font-size: 1.3em\">USG Tarczycy<\/strong> (cena z opisem dr n.med. specjalisty radiologa)<\/td><td>55 z\u0142<\/td><\/tr><tr><td colspan=\"2\"><b>Wskazania:<\/b> powi\u0119kszenie tarczycy, wyczuwalny guz, guz niewyczuwalny uwidoczniony np. w tomografii lub rezonansie magnetycznym, nieprawid\u0142owe wyniki test\u00f3w laboratoryjnych<\/td><\/tr><tr><td><strong style=\"font-size: 1.3em\">USG P\u0142uc<\/strong> (cena z opisem dr n.med. specjalisty radiologa)<\/td><td>55 z\u0142<\/td><\/tr><tr><td colspan=\"2\"><b>Wskazania:<\/b> choroby zapalne p\u0142uc i op\u0142ucnej, odma op\u0142ucnowa, zatorno\u015b\u0107 p\u0142ucna, guzy p\u0142uc, p\u0142yn w jamie op\u0142ucnej<\/td><\/tr><tr><td><strong style=\"font-size: 1.3em\">USG Nerek<\/strong> (cena z opisem dr n.med. specjalisty radiologa)<\/td><td>55 z\u0142<\/td><\/tr><tr><td><strong style=\"font-size: 1.3em\">USG Piersi<\/strong> (cena z opisem dr n.med. specjalisty radiologa)<\/td><td>55 z\u0142<\/td><\/tr><\/tbody><\/table><\/figure>\n","protected":false},"excerpt":{"rendered":"<p>W \u015brod\u0119, 28 pa\u017adziernika od godziny 9:00 w przychodni Fammed w Grotnikach, b\u0119dzie mo\u017cliwo\u015b\u0107 wykonania p\u0142atnych bada\u0144 USG. Badania maj\u0105&#8230;<\/p>\n","protected":false},"author":1,"featured_media":997,"comment_status":"closed","ping_status":"closed","sticky":false,"template":"","format":"standard","meta":{"footnotes":""},"categories":[12,14],"tags":[],"_links":{"self":[{"href":"https:\/\/fammed-grotniki.pl\/index.php?rest_route=\/wp\/v2\/posts\/975"}],"collection":[{"href":"https:\/\/fammed-grotniki.pl\/index.php?rest_route=\/wp\/v2\/posts"}],"about":[{"href":"https:\/\/fammed-grotniki.pl\/index.php?rest_route=\/wp\/v2\/types\/post"}],"author":[{"embeddable":true,"href":"https:\/\/fammed-grotniki.pl\/index.php?rest_route=\/wp\/v2\/users\/1"}],"replies":[{"embeddable":true,"href":"https:\/\/fammed-grotniki.pl\/index.php?rest_route=%2Fwp%2Fv2%2Fcomments&post=975"}],"version-history":[{"count":21,"href":"https:\/\/fammed-grotniki.pl\/index.php?rest_route=\/wp\/v2\/posts\/975\/revisions"}],"predecessor-version":[{"id":996,"href":"https:\/\/fammed-grotniki.pl\/index.php?rest_route=\/wp\/v2\/posts\/975\/revisions\/996"}],"wp:featuredmedia":[{"embeddable":true,"href":"https:\/\/fammed-grotniki.pl\/index.php?rest_route=\/wp\/v2\/media\/997"}],"wp:attachment":[{"href":"https:\/\/fammed-grotniki.pl\/index.php?rest_route=%2Fwp%2Fv2%2Fmedia&parent=975"}],"wp:term":[{"taxonomy":"category","embeddable":true,"href":"https:\/\/fammed-grotniki.pl\/index.php?rest_route=%2Fwp%2Fv2%2Fcategories&post=975"},{"taxonomy":"post_tag","embeddable":true,"href":"https:\/\/fammed-grotniki.pl\/index.php?rest_route=%2Fwp%2Fv2%2Ftags&post=975"}],"curies":[{"name":"wp","href":"https:\/\/api.w.org\/{rel}","templated":true}]}}