{"id":942,"date":"2020-05-06T23:32:47","date_gmt":"2020-05-06T21:32:47","guid":{"rendered":"https:\/\/fammed-grotniki.pl\/?p=942"},"modified":"2020-06-02T21:39:57","modified_gmt":"2020-06-02T19:39:57","slug":"wznawiamy-wizyty-w-przychodni","status":"publish","type":"post","link":"https:\/\/fammed-grotniki.pl\/?p=942","title":{"rendered":"Wznawiamy wizyty w przychodni"},"content":{"rendered":"\n<p><strong>Od dnia 11.05.2020 roku Przychodnia Fammed wznawia wizyty w poradni, jednak\u017ce z pewnymi obostrzeniami.<\/strong><\/p>\n\n\n\n<p>Pacjenci proszeni s\u0105 o zg\u0142aszanie si\u0119 do poradni po wcze\u015bniejszym kontakcie telefonicznym i tylko wtedy, gdy jest to niezb\u0119dne i uzasadnione. Recepty, skierowania do specjalist\u00f3w i na badania diagnostyczne, oraz cz\u0119\u015b\u0107 porad lekarskich nadal b\u0119d\u0105 realizowane na zasadzie teleporady. W przypadku recept, tak jak do tej pory, otrzymaj\u0105 Pa\u0144stwo od nas kod na e-recept\u0119, natomiast skierowania mo\u017cemy wys\u0142a\u0107 na podany przez Pa\u0144stwa adres mailowy.<\/p>\n\n\n\n<p>Zasady, kt\u00f3re b\u0119d\u0105 obowi\u0105zywa\u0107 przed wizyt\u0105 w Przychodni Fammed:<\/p>\n\n\n\n<ol><li>Przed przyj\u015bciem do lekarza prosimy o kontakt telefoniczny z rejestracj\u0105. Piel\u0119gniarka zbierze od Pa\u0144stwa wywiad epidemiologiczny i zdrowotny, na podstawie kt\u00f3rego okre\u015blimy Pa\u0144stwa potrzeby medyczne.<\/li><li>Pacjenci b\u0119d\u0105 umawiani do lekarza na konkretn\u0105 godzin\u0119, w przedzia\u0142ach 40-minutowych. Prosimy o przestrzeganie godzin wizyty, a je\u015bli z jakiego\u015b powodu nie b\u0119dziecie mogli Pa\u0144stwo dotrze\u0107 do przychodni na czas, prosimy o poinformowanie nas o tym telefonicznie.<\/li><li>Ka\u017cda osoba, kt\u00f3ra chce skorzysta\u0107 z porady medycznej musi by\u0107 zaopatrzona w \u015brodki ochrony osobistej &#8211; maseczk\u0119.<\/li><li>Przed wej\u015bciem do Poradni ka\u017cdy pacjent b\u0119dzie mia\u0142 mierzon\u0105 temperatur\u0119. B\u0119dzie tak\u017ce musia\u0142 odkazi\u0107 r\u0119ce.<\/li><li>Dziecko mo\u017ce przebywa\u0107 na terenie przychodni tylko z jednym opiekunem. Dzieci powy\u017cej 4 roku \u017cycia tak\u017ce musz\u0105 mie\u0107 za\u0142o\u017con\u0105 maseczk\u0119.<\/li><\/ol>\n\n\n\n<p><strong>Od 21.05.2020 roku wznawiamy tak\u017ce pobieranie bada\u0144 laboratoryjnych, na razie raz w tygodniu &#8211;&nbsp;&nbsp;&nbsp;&nbsp;w czwartki w godzinach 8.00-10.00.&nbsp;<\/strong><\/p>\n\n\n\n<p>Osoby chc\u0105ce skorzysta\u0107 z diagnostyki laboratoryjnej proszone s\u0105 o wcze\u015bniejszy kontakt telefoniczny, w celu um\u00f3wienia godziny pobrania krwi.<\/p>\n\n\n\n<p><strong>Od 15.06.2020 badania laboratoryjne pobierane b\u0119d\u0105 dwa razy w tygodniu &#8211; we wtorki i w czwartki w godzinach 8.00-10.00.\u00a0<\/strong><\/p>\n\n\n\n<p>Wiemy, \u017ce sytuacja jest bardzo trudna. Zar\u00f3wno dla pacjent\u00f3w, jak i dla personelu medycznego. Tylko dzi\u0119ki naszej wsp\u00f3lnej dyscyplinie b\u0119dziemy mogli pozwoli\u0107 na \u201ew miar\u0119 normaln\u0105\u201d pracy przychodni. Jeste\u015bmy do Pa\u0144stwa dyspozycji pod numerem telefonu&nbsp;<strong>42 7179116<\/strong>. Mo\u017cecie si\u0119 te\u017c Pa\u0144stwo kontaktowa\u0107 z nami mailowo, pod adresem:&nbsp;<a href=\"mailto:przychodnia@fammed-grotniki.pl\"><strong>przychodnia@fammed-grotniki.pl<\/strong><\/a><\/p>\n\n\n\n<p>Z powa\u017caniem,<\/p>\n\n\n\n<p>Katarzyna Kieliba<\/p>\n","protected":false},"excerpt":{"rendered":"<p>Od dnia 11.05.2020 roku Przychodnia Fammed wznawia wizyty w poradni, jednak\u017ce z pewnymi obostrzeniami. Pacjenci proszeni s\u0105 o zg\u0142aszanie si\u0119&#8230;<\/p>\n","protected":false},"author":1,"featured_media":946,"comment_status":"closed","ping_status":"closed","sticky":false,"template":"","format":"standard","meta":{"footnotes":""},"categories":[12,14],"tags":[],"_links":{"self":[{"href":"https:\/\/fammed-grotniki.pl\/index.php?rest_route=\/wp\/v2\/posts\/942"}],"collection":[{"href":"https:\/\/fammed-grotniki.pl\/index.php?rest_route=\/wp\/v2\/posts"}],"about":[{"href":"https:\/\/fammed-grotniki.pl\/index.php?rest_route=\/wp\/v2\/types\/post"}],"author":[{"embeddable":true,"href":"https:\/\/fammed-grotniki.pl\/index.php?rest_route=\/wp\/v2\/users\/1"}],"replies":[{"embeddable":true,"href":"https:\/\/fammed-grotniki.pl\/index.php?rest_route=%2Fwp%2Fv2%2Fcomments&post=942"}],"version-history":[{"count":5,"href":"https:\/\/fammed-grotniki.pl\/index.php?rest_route=\/wp\/v2\/posts\/942\/revisions"}],"predecessor-version":[{"id":951,"href":"https:\/\/fammed-grotniki.pl\/index.php?rest_route=\/wp\/v2\/posts\/942\/revisions\/951"}],"wp:featuredmedia":[{"embeddable":true,"href":"https:\/\/fammed-grotniki.pl\/index.php?rest_route=\/wp\/v2\/media\/946"}],"wp:attachment":[{"href":"https:\/\/fammed-grotniki.pl\/index.php?rest_route=%2Fwp%2Fv2%2Fmedia&parent=942"}],"wp:term":[{"taxonomy":"category","embeddable":true,"href":"https:\/\/fammed-grotniki.pl\/index.php?rest_route=%2Fwp%2Fv2%2Fcategories&post=942"},{"taxonomy":"post_tag","embeddable":true,"href":"https:\/\/fammed-grotniki.pl\/index.php?rest_route=%2Fwp%2Fv2%2Ftags&post=942"}],"curies":[{"name":"wp","href":"https:\/\/api.w.org\/{rel}","templated":true}]}}