{"id":1090,"date":"2023-02-19T21:53:21","date_gmt":"2023-02-19T20:53:21","guid":{"rendered":"https:\/\/fammed-grotniki.pl\/?p=1090"},"modified":"2023-02-19T21:54:07","modified_gmt":"2023-02-19T20:54:07","slug":"odeszla-mariola-mirowska","status":"publish","type":"post","link":"https:\/\/fammed-grotniki.pl\/?p=1090","title":{"rendered":"Odesz\u0142a Mariola Mirowska"},"content":{"rendered":"\n<p>Albert Einstein powiedzia\u0142:  <em>&#8220;\u015amier\u0107 nie jest kresem naszego istnienia-\u017cyjemy w naszych dzieciach i nast\u0119pnych pokoleniach. Albowiem oni to dalej my, a nasze cia\u0142a to tylko zwi\u0119d\u0142e li\u015bcie na drzewie \u017cycia&#8221;<\/em>.<\/p>\n\n\n\n<div class=\"wp-block-image\"><figure class=\"aligncenter is-resized\"><img decoding=\"async\" loading=\"lazy\" src=\"https:\/\/t4.ftcdn.net\/jpg\/03\/25\/67\/07\/360_F_325670750_FgOox2X2dqIN3ZDZpwE92ffen48TLG6Q.jpg\" alt=\"Nekrolog bilder \u2013 Bla gjennom 12,627 arkivbilder, vektorer og videoer |  Adobe Stock\" width=\"289\" height=\"107\"\/><\/figure><\/div>\n\n\n\n<p>Z g\u0142\u0119bokim smutkiem przyj\u0119li\u015bmy wiadomo\u015b\u0107 o \u015bmierci naszej wieloletniej kole\u017canki Pani Marioli Mirowskiej. Mariola by\u0142a jedn\u0105 z najbardziej do\u015bwiadczonych piel\u0119gniarek w naszym zespole. Z ch\u0119ci\u0105 dzieli\u0142a si\u0119 swoj\u0105 wiedz\u0105 z m\u0142odszymi pracownikami oraz kolegami z pracy, zawsze s\u0142u\u017c\u0105c swoj\u0105 pomoc\u0105. Dla naszych pacjent\u00f3w codziennie mia\u0142a u\u015bmiech na twarzy i serce na d\u0142oni. Wszystkim nam b\u0119dzie jej bardzo brakowa\u0142o i pozostanie na zawsze w naszej pami\u0119ci. Rodzinie Pani Marioli sk\u0142adamy nasze serdeczne kondolencje.&nbsp;&nbsp;<\/p>\n\n\n\n<p>Pracownicy Przychodni Fammed sp. zoo w Grotnikach<\/p>\n\n\n\n<div class=\"wp-block-image\"><figure class=\"aligncenter is-resized\"><img decoding=\"async\" loading=\"lazy\" src=\"https:\/\/t4.ftcdn.net\/jpg\/03\/25\/67\/07\/360_F_325670750_FgOox2X2dqIN3ZDZpwE92ffen48TLG6Q.jpg\" alt=\"Nekrolog bilder \u2013 Bla gjennom 12,627 arkivbilder, vektorer og videoer |  Adobe Stock\" width=\"289\" height=\"107\"\/><\/figure><\/div>\n\n\n\n<p><strong>Msza \u017ca\u0142obna odb\u0119dzie si\u0119 23 lutego (czwartek) o godz. 12.00 w ko\u015bciele&nbsp;pw. Niepokalanego Pocz\u0119cia Naj\u015bwi\u0119tszej Maryi Panny w Grotnikach.<\/strong><\/p>\n","protected":false},"excerpt":{"rendered":"<p>Albert Einstein powiedzia\u0142: &#8220;\u015amier\u0107 nie jest kresem naszego istnienia-\u017cyjemy w naszych dzieciach i nast\u0119pnych pokoleniach. Albowiem oni to dalej my,&#8230;<\/p>\n","protected":false},"author":1,"featured_media":1092,"comment_status":"closed","ping_status":"closed","sticky":false,"template":"","format":"standard","meta":{"footnotes":""},"categories":[12,14],"tags":[],"_links":{"self":[{"href":"https:\/\/fammed-grotniki.pl\/index.php?rest_route=\/wp\/v2\/posts\/1090"}],"collection":[{"href":"https:\/\/fammed-grotniki.pl\/index.php?rest_route=\/wp\/v2\/posts"}],"about":[{"href":"https:\/\/fammed-grotniki.pl\/index.php?rest_route=\/wp\/v2\/types\/post"}],"author":[{"embeddable":true,"href":"https:\/\/fammed-grotniki.pl\/index.php?rest_route=\/wp\/v2\/users\/1"}],"replies":[{"embeddable":true,"href":"https:\/\/fammed-grotniki.pl\/index.php?rest_route=%2Fwp%2Fv2%2Fcomments&post=1090"}],"version-history":[{"count":2,"href":"https:\/\/fammed-grotniki.pl\/index.php?rest_route=\/wp\/v2\/posts\/1090\/revisions"}],"predecessor-version":[{"id":1093,"href":"https:\/\/fammed-grotniki.pl\/index.php?rest_route=\/wp\/v2\/posts\/1090\/revisions\/1093"}],"wp:featuredmedia":[{"embeddable":true,"href":"https:\/\/fammed-grotniki.pl\/index.php?rest_route=\/wp\/v2\/media\/1092"}],"wp:attachment":[{"href":"https:\/\/fammed-grotniki.pl\/index.php?rest_route=%2Fwp%2Fv2%2Fmedia&parent=1090"}],"wp:term":[{"taxonomy":"category","embeddable":true,"href":"https:\/\/fammed-grotniki.pl\/index.php?rest_route=%2Fwp%2Fv2%2Fcategories&post=1090"},{"taxonomy":"post_tag","embeddable":true,"href":"https:\/\/fammed-grotniki.pl\/index.php?rest_route=%2Fwp%2Fv2%2Ftags&post=1090"}],"curies":[{"name":"wp","href":"https:\/\/api.w.org\/{rel}","templated":true}]}}