{"id":1069,"date":"2022-01-28T00:02:43","date_gmt":"2022-01-27T23:02:43","guid":{"rendered":"https:\/\/fammed-grotniki.pl\/?p=1069"},"modified":"2022-01-28T00:02:44","modified_gmt":"2022-01-27T23:02:44","slug":"zmiana-harmonogramu-pracy-przychodni-covid-19","status":"publish","type":"post","link":"https:\/\/fammed-grotniki.pl\/?p=1069","title":{"rendered":"Zmiana harmonogramu pracy przychodni: COVID-19"},"content":{"rendered":"\n<p>Szanowni Pacjenci,<\/p>\n\n\n\n<p><strong>Brak zdecydowanych dzia\u0142a\u0144 rz\u0105du w walce z pandemi\u0105 ograniczy\u0142 dost\u0119p\u00a0do pomocy medycznej\u00a0pacjentom cierpi\u0105cym na inne choroby. <\/strong>Teraz\u00a0<strong>Premier zobowi\u0105za\u0142 lekarzy rodzinnych\u00a0<\/strong>do zbadania w ci\u0105gu 48\u00a0godzin\u00a0<strong>ka\u017cdego\u00a0<\/strong>pacjenta, kt\u00f3ry zachorowa\u0142 na COVID-19, je\u015bli tylko ma 60 lat i wi\u0119cej,\u00a0<strong>niezale\u017cnie od potrzeby medycznej\u00a0<\/strong>&#8211;\u00a0na jego \u017cyczenie r\u00f3wnie\u017c w domu.<\/p>\n\n\n\n<p><strong>Jest nas za ma\u0142o by temu sprosta\u0107\u00a0<\/strong>\u2013 nie jeste\u015bmy w stanie zapobiec post\u0119puj\u0105cemu parali\u017cowi ochrony zdrowia, kt\u00f3ry na skutek tej b\u0142\u0119dnej i szkodliwej decyzji\u00a0obejmie teraz\u00a0tak\u017ce podstawow\u0105 opiek\u0119 zdrowotn\u0105 \u2013 znacznie pogorszaj\u0105c opiek\u0119 nad pacjentami z pozosta\u0142ymi chorobami.<\/p>\n\n\n\n<p>W tej sytuacji\u00a0\u2013 w zwi\u0105zku z lawinowo rosn\u0105c\u0105 liczb\u0105 zaka\u017conych wirusem SARS- CoV-2\u00a0\u2013\u00a0<strong>musimy zmieni\u0107\u00a0harmonogramy pracy w przychodniach<\/strong> &#8211; <strong><a href=\"#covid-harmonogram\">nowy harmonogram znajd\u0105 Pa\u0144stwo poni\u017cej<\/a><\/strong>. Wprowadzone\u00a0zostan\u0105\u00a0<strong>godziny covidowe\u00a0<\/strong>oraz<strong>,\u00a0<\/strong>by chroni\u0107 Pa\u0144stwa przed zaka\u017ceniem \u2013\u00a0<strong>godziny dla os\u00f3b z innymi schorzeniami.<\/strong><\/p>\n\n\n\n<p>Dlatego,&nbsp;<strong>je\u015bli w najbli\u017cszych dniach Wasze dolegliwo\u015bci nie b\u0119d\u0105&nbsp;<\/strong><strong>wymaga<\/strong><strong>\u0107 wizyt&nbsp;<\/strong><strong>w naszych gabinetach&nbsp;<\/strong><strong>\u2013&nbsp;<\/strong><strong>poczekajcie&nbsp;<\/strong><strong>Pa\u0144stwo korzystaj\u0105c z mo\u017cliwo\u015bci&nbsp;<\/strong><strong>telekonsultacji.&nbsp;<\/strong>Wtedy&nbsp;\u2013&nbsp;<strong>gdy um\u00f3wicie ich terminy odbierajcie telefony<\/strong>, bo&nbsp;obecnie ka\u017cda minuta&nbsp;pracy&nbsp;lekarza jest na wag\u0119 ludzkiego \u017cycia.<\/p>\n\n\n\n<p><strong>Je\u015bli natomiast sprawa jest pilna<\/strong><strong>,&nbsp;<\/strong><strong>nie zwlekajcie i umawiajcie si\u0119 na wizyt\u0119 osobist\u0105 w przychodni.&nbsp;<\/strong>A wtedy&nbsp;<strong>pami\u0119tajcie, by przychodzi\u0107 na um\u00f3wione&nbsp;<\/strong><strong>spotkania&nbsp;<\/strong>zabezpieczeni, w miar\u0119 mo\u017cno\u015bci, maseczkami FFP2 lub FFP3.<\/p>\n\n\n\n<p><strong>Apelujemy&nbsp;<\/strong>tak\u017ce<strong>, aby w miar\u0119 mo\u017cliwo\u015bci unika\u0107 przez najbli\u017csze tygodni<\/strong><strong>e&nbsp;<\/strong><strong>spotka\u0144 publicznych i ogranicza\u0107 liczb\u0119 kontakt\u00f3w.&nbsp;<\/strong>Dajcie sobie szanse na przetrwanie.<\/p>\n\n\n\n<p><strong>Zapewniamy, \u017ce zrobimy wszystko, co w naszej mocy, by pom\u00f3c jak najwi\u0119kszej\u00a0liczbie naszych pacjent\u00f3w &#8211;\u00a0ka\u017cdemu, kto nas potrzebuje! <\/strong>Jeste\u015bmy dla Was i Wy b\u0105d\u017acie z nami. Wiemy, \u017ce lekarze i pracownicy podstawowej opieki zdrowotnej mog\u0105 wyj\u015b\u0107 z tej pandemii mocno zdziesi\u0105tkowani. Trzymajcie wi\u0119c za nas kciuki, by starczy\u0142o nam si\u0142.<\/p>\n\n\n\n<p>Wasi lekarze rodzinni<\/p>\n\n\n\n<hr class=\"wp-block-separator\"\/>\n\n\n\n<h2 class=\"wp-block-heading\" id=\"covid-harmonogram\">NOWY HARMONOGRAM PRACY PRZYCHODNI <\/h2>\n\n\n\n<p>Z uwzgl\u0119dnieniem Rozporz\u0105dzenia Ministra Zdrowia z dnia 21 stycznia 2022 r., zmieniaj\u0105cego rozporz\u0105dzenie w sprawie standardu organizacyjnego opieki zdrowotnej nad pacjentem podejrzanym o zaka\u017cenie lub zaka\u017conym wirusem SARS-CoV-2<\/p>\n\n\n\n<p><strong>W godzinach przyj\u0119\u0107 dla pacjent\u00f3w chorych na covid-nie s\u0105 przyjmowani inni pacjenci (za wyj\u0105tkiem stan\u00f3w zagro\u017cenia \u017cycia), nie s\u0105 wystawiane tak\u017ce \u017cadne recepty, skierowania dla innych pacjent\u00f3w ni\u017c chorych na covid 19. W tym czasie\u00a0nie wydajemy tak\u017ce \u017cadnych wynik\u00f3w bada\u0144, ani innej dokumentacji medycznej.<\/strong><\/p>\n\n\n\n<p>Po zako\u0144czeniu przyjmowania pacjent\u00f3w chorych na covid-19 przeprowadzana jest dezynfekcja pomieszcze\u0144, w kt\u00f3rych pacjenci ci przebywali.<\/p>\n\n\n\n<div style=\"height:28px\" aria-hidden=\"true\" class=\"wp-block-spacer\"><\/div>\n\n\n\n<h3 class=\"has-text-color wp-block-heading\" style=\"color:#0671af\"><strong>Poniedzia\u0142ek, pi\u0105tek:<\/strong><\/h3>\n\n\n\n<p>W godzinach <strong>8.00-13.00<\/strong> przyjmowani b\u0119d\u0105 <strong>pacjenci z innymi schorzeniami ni\u017c covid 19.<\/strong><\/p>\n\n\n\n<p>Porady udzielane b\u0119d\u0105 w formie:<\/p>\n\n\n\n<ul><li>teleporady,<\/li><li>porad osobistych w poradni,<\/li><li>porad osobistych w miejscu zamieszkania pacjent\u00f3w w stanie ci\u0119\u017ckim<a>, <\/a>po wcze\u015bniejszej konsultacji telefonicznej z lekarzem.<\/li><\/ul>\n\n\n\n<p>W <strong>poniedzia\u0142ki od 10.30-11.30<\/strong> oraz <strong>pi\u0105tki od 15.30-16.30<\/strong> odbywaj\u0105 si\u0119 <strong>szczepienia dzieci przeciw covid<\/strong> <strong>19<\/strong>.<\/p>\n\n\n\n<p>W <strong>poniedzia\u0142ki w godzinach 15.00-18.00<\/strong> oraz w <strong>pi\u0105tki w godzinach 16.45-18.00<\/strong> przyjmowani b\u0119d\u0105 <strong>pacjenci chorzy na covid 19<\/strong>.<\/p>\n\n\n\n<p>Godziny przyj\u0119\u0107 dla pacjent\u00f3w chorych na covid-19 obejmuj\u0105 porady:<\/p>\n\n\n\n<ul><li>udzielane w formie teleporady,<\/li><li>udzielane w formie porad osobistych w poradni,<\/li><li>udzielane w formie porad osobistych w miejscu zamieszkania pacjenta, z uwzgl\u0119dnieniem obowi\u0105zku udzielenia porady dla pacjent\u00f3w powy\u017cej 60-ego roku \u017cycia w terminie okre\u015blonym w w\/w Rozporz\u0105dzeniu.<\/li><\/ul>\n\n\n\n<div style=\"height:33px\" aria-hidden=\"true\" class=\"wp-block-spacer\"><\/div>\n\n\n\n<h3 class=\"has-text-color wp-block-heading\" style=\"color:#0071a1\"><strong>Wtorek, \u015broda, czwartek<\/strong><\/h3>\n\n\n\n<p>W godzinach <strong>8.00-12.00<\/strong> przyjmowani b\u0119d\u0105 <strong>pacjenci z innymi schorzeniami ni\u017c covid 19.<\/strong><\/p>\n\n\n\n<p>Porady udzielane b\u0119d\u0105 w formie:<\/p>\n\n\n\n<ul><li>teleporady,<\/li><li>porad osobistych w poradni,<\/li><li>porad osobistych w miejscu zamieszkania pacjent\u00f3w w stanie ci\u0119\u017ckim<a>, <\/a>po wcze\u015bniejszej konsultacji telefonicznej z lekarzem.<\/li><\/ul>\n\n\n\n<p>We <strong>wtorki, \u015brody i czwartki w godzinach 14:00-17:00<\/strong> odbywaj\u0105 si\u0119 <strong>szczepienia pacjent\u00f3w doros\u0142ych przeciw covid<\/strong> <strong>19<\/strong>.<\/p>\n\n\n\n<p>W godzinach<strong> 17.00-18.00<\/strong> przyjmowani b\u0119d\u0105 <strong>pacjenci chorzy na covid 19<\/strong>.<\/p>\n\n\n\n<p>Godziny przyj\u0119\u0107 dla pacjent\u00f3w chorych na covid-19 obejmuj\u0105 porady:<\/p>\n\n\n\n<ul><li>udzielane w formie teleporady,<\/li><li>udzielane w formie porad osobistych w poradni,<\/li><li>udzielane w formie porad osobistych w miejscu zamieszkania pacjenta, z uwzgl\u0119dnieniem obowi\u0105zku udzielenia porady dla pacjent\u00f3w powy\u017cej 60-ego roku \u017cycia w terminie okre\u015blonym w w\/w Rozporz\u0105dzeniu.<\/li><\/ul>\n\n\n\n<h2 class=\"has-text-color wp-block-heading\" style=\"color:#0071a1\"><\/h2>\n","protected":false},"excerpt":{"rendered":"<p>Szanowni Pacjenci, Brak zdecydowanych dzia\u0142a\u0144 rz\u0105du w walce z pandemi\u0105 ograniczy\u0142 dost\u0119p\u00a0do pomocy medycznej\u00a0pacjentom cierpi\u0105cym na inne choroby. Teraz\u00a0Premier zobowi\u0105za\u0142&#8230;<\/p>\n","protected":false},"author":1,"featured_media":1017,"comment_status":"closed","ping_status":"closed","sticky":false,"template":"","format":"standard","meta":{"footnotes":""},"categories":[12,14],"tags":[],"_links":{"self":[{"href":"https:\/\/fammed-grotniki.pl\/index.php?rest_route=\/wp\/v2\/posts\/1069"}],"collection":[{"href":"https:\/\/fammed-grotniki.pl\/index.php?rest_route=\/wp\/v2\/posts"}],"about":[{"href":"https:\/\/fammed-grotniki.pl\/index.php?rest_route=\/wp\/v2\/types\/post"}],"author":[{"embeddable":true,"href":"https:\/\/fammed-grotniki.pl\/index.php?rest_route=\/wp\/v2\/users\/1"}],"replies":[{"embeddable":true,"href":"https:\/\/fammed-grotniki.pl\/index.php?rest_route=%2Fwp%2Fv2%2Fcomments&post=1069"}],"version-history":[{"count":6,"href":"https:\/\/fammed-grotniki.pl\/index.php?rest_route=\/wp\/v2\/posts\/1069\/revisions"}],"predecessor-version":[{"id":1075,"href":"https:\/\/fammed-grotniki.pl\/index.php?rest_route=\/wp\/v2\/posts\/1069\/revisions\/1075"}],"wp:featuredmedia":[{"embeddable":true,"href":"https:\/\/fammed-grotniki.pl\/index.php?rest_route=\/wp\/v2\/media\/1017"}],"wp:attachment":[{"href":"https:\/\/fammed-grotniki.pl\/index.php?rest_route=%2Fwp%2Fv2%2Fmedia&parent=1069"}],"wp:term":[{"taxonomy":"category","embeddable":true,"href":"https:\/\/fammed-grotniki.pl\/index.php?rest_route=%2Fwp%2Fv2%2Fcategories&post=1069"},{"taxonomy":"post_tag","embeddable":true,"href":"https:\/\/fammed-grotniki.pl\/index.php?rest_route=%2Fwp%2Fv2%2Ftags&post=1069"}],"curies":[{"name":"wp","href":"https:\/\/api.w.org\/{rel}","templated":true}]}}