{"id":1058,"date":"2021-12-16T19:26:18","date_gmt":"2021-12-16T18:26:18","guid":{"rendered":"https:\/\/fammed-grotniki.pl\/?p=1058"},"modified":"2021-12-16T19:26:19","modified_gmt":"2021-12-16T18:26:19","slug":"covid-19-kwarantanna-zmiany-od-15-12-2021","status":"publish","type":"post","link":"https:\/\/fammed-grotniki.pl\/?p=1058","title":{"rendered":"COVID-19; kwarantanna &#8211; zmiany od 15.12.2021"},"content":{"rendered":"\n<p>W zwi\u0105zku z opublikowaniem Rozporz\u0105dzenia Rady Ministr\u00f3w z dnia 14 grudnia 2021 r., zmieniaj\u0105cego rozporz\u0105dzenie w sprawie ustanowienia okre\u015blonych ogranicze\u0144, nakaz\u00f3w i zakaz\u00f3w w zwi\u0105zku z wyst\u0119puj\u0105cym stanem epidemii\u00a0<strong>od dnia 15 grudnia 2021 r.\u00a0<\/strong>zmieniaj\u0105 si\u0119 zasady dotycz\u0105ce obj\u0119cia kwarantann\u0105 <strong>os\u00f3b prowadz\u0105cych wsp\u00f3lne gospodarstwo domowe lub zamieszkuj\u0105cych z osob\u0105, u kt\u00f3rej stwierdzono zaka\u017cenia wirusem SARS-CoV-2.<\/strong><\/p>\n\n\n\n<div style=\"height:53px\" aria-hidden=\"true\" class=\"wp-block-spacer\"><\/div>\n\n\n\n<div class=\"wp-block-button aligncenter\"><a class=\"wp-block-button__link has-background has-vivid-cyan-blue-background-color\" href=\"https:\/\/www.gov.pl\/web\/gov\/zapisz-sie-na-test-na-koronawirusa-sars-cov-2-w-zwiazku-z-zakazeniem-domownika\">TEST ZWALNIAJ\u0104CY Z KWARANTANNY (dla domownik\u00f3w os\u00f3b na izolacji)<\/a><\/div>\n\n\n\n<div style=\"height:46px\" aria-hidden=\"true\" class=\"wp-block-spacer\"><\/div>\n\n\n\n<p>W sytuacji kiedy u pacjenta stwierdzi si\u0119 zaka\u017cenie wirusem SARS-CoV-2, to ka\u017cda osoba zamieszkuj\u0105ca b\u0105d\u017a prowadz\u0105ca wsp\u00f3lne gospodarstwo domowe z zaka\u017conym, trafia na kwarantann\u0119.<\/p>\n\n\n\n<p>Osoby zaszczepione przeciwko COVID-19 i ozdrowie\u0144cy, kt\u00f3rzy byli poddani izolacji lub hospitalizacji z powodu zaka\u017cenia wirusem SARS-CoV-2 w ci\u0105gu ostatnich 6 miesi\u0119cy, mog\u0105 zosta\u0107 zwolnione z takiej kwarantanny po otrzymaniu negatywnego wyniku testu diagnostycznego na SARS-CoV-2.<\/p>\n\n\n\n<p><strong>Skierowanie na test zwalniaj\u0105c z kwarantanny (w zwi\u0105zku z zaka\u017ceniem domownika) pacjent uzyskuje samodzielnie, automatycznie, na stronie: <a href=\"https:\/\/www.gov.pl\/web\/gov\/zapisz-sie-na-test-na-koronawirusa-sars-cov-2-w-zwiazku-z-zakazeniem-domownika\">https:\/\/www.gov.pl\/web\/gov\/zapisz-sie-na-test-na-koronawirusa-sars-cov-2-w-zwiazku-z-zakazeniem-domownika\u00a0<\/a>lub za po\u015brednictwem Teleplatformy Pierwszego Kontaktu tel. 800 137 200.<\/strong><\/p>\n\n\n\n<div style=\"height:20px\" aria-hidden=\"true\" class=\"wp-block-spacer\"><\/div>\n\n\n\n<hr class=\"wp-block-separator\"\/>\n\n\n\n<div style=\"height:20px\" aria-hidden=\"true\" class=\"wp-block-spacer\"><\/div>\n\n\n\n<h3 class=\"wp-block-heading\">U mojego wsp\u00f3\u0142domownika\/wsp\u00f3\u0142lokatora wykryto zaka\u017cenie SARS-CoV-2. Jestem zaszczepiony lub przeszed\u0142em COVID-19 w ci\u0105gu ostatnich 6 miesi\u0119cy &#8211; co powinienem zrobi\u0107?<\/h3>\n\n\n\n<p>Osoby zamieszkuj\u0105ce z chorym na COVID-19, zostaj\u0105 automatycznie skierowane na kwarantann\u0119, trwaj\u0105c\u0105 do 7 dni po zako\u0144czeniu izolacji przez osob\u0119 zaka\u017con\u0105. Je\u015bli s\u0105 Pa\u0144stwo zaszczepieni lub przechorowali Pa\u0144stwo COVID-19 w ci\u0105gu ostatnich 6 miesi\u0119cy i posiadaj\u0105 Pa\u0144stwo wa\u017cny certyfikat COVID, mog\u0105 Pa\u0144stwo zwolni\u0107 si\u0119 z kwarantanny po <strong>wykonaniu bezp\u0142atnego testu na SARS-CoV-2 i uzyskaniu wyniku negatywnego, najwcze\u015bniej 1 dzie\u0144 po otrzymaniu pozytywnego wyniku testu przez osob\u0119 zaka\u017con\u0105.<\/strong> Skierowanie na test mo\u017cna otrzyma\u0107 pod adresem: <strong><a href=\"https:\/\/www.gov.pl\/web\/gov\/zapisz-sie-na-test-na-koronawirusa-sars-cov-2-w-zwiazku-z-zakazeniem-domownika\">https:\/\/www.gov.pl\/web\/gov\/zapisz-sie-na-test-na-koronawirusa-sars-cov-2-w-zwiazku-z-zakazeniem-domownika<\/a><\/strong>. Do momentu zako\u0144czenia izolacji przez osob\u0119 zara\u017con\u0105, prosimy jednak zachowa\u0107 szczeg\u00f3ln\u0105 ostro\u017cno\u015b\u0107 i dba\u0142o\u015b\u0107 w przestrzeganiu zasad bezpiecze\u0144stwa. W przypadku pojawienia si\u0119 objaw\u00f3w COVID-19, prosz\u0119 niezw\u0142ocznie wykona\u0107 kolejny test na obecno\u015b\u0107 SARS-CoV-2.<\/p>\n\n\n\n<h3 class=\"wp-block-heading\">U mojego wsp\u00f3\u0142domownika\/wsp\u00f3\u0142lokatora wykryto zaka\u017cenie SARS-CoV-2. Nie jestem zaszczepiony i nie chorowa\u0142em na COVID-19 w ci\u0105gu ostatnich 6 miesi\u0119cy &#8211; co powinienem zrobi\u0107?<\/h3>\n\n\n\n<p>Osoby zamieszkuj\u0105ce z chorym na COVID-19, zostaj\u0105 automatycznie skierowane na kwarantann\u0119, trwaj\u0105c\u0105 do 7 dni po zako\u0144czeniu izolacji przez osob\u0119 zaka\u017con\u0105. Po tym czasie mog\u0105 Pa\u0144stwo zwolni\u0107 si\u0119 z kwarantanny poprzez <strong>wykonanie bezp\u0142atnego testu pod k\u0105tem obecno\u015bci SARS-CoV-2 i otrzymanie negatywnego wyniku  najwcze\u015bniej na dzie\u0144 po zako\u0144czeniu izolacji przez zaka\u017conego domownika<\/strong>. Skierowanie na test mo\u017cna otrzyma\u0107 pod adresem: <strong><a href=\"https:\/\/www.gov.pl\/web\/gov\/zapisz-sie-na-test-na-koronawirusa-sars-cov-2-w-zwiazku-z-zakazeniem-domownika\">https:\/\/www.gov.pl\/web\/gov\/zapisz-sie-na-test-na-koronawirusa-sars-cov-2-w-zwiazku-z-zakazeniem-domownika<\/a><\/strong>.<\/p>\n","protected":false},"excerpt":{"rendered":"<p>W zwi\u0105zku z opublikowaniem Rozporz\u0105dzenia Rady Ministr\u00f3w z dnia 14 grudnia 2021 r., zmieniaj\u0105cego rozporz\u0105dzenie w sprawie ustanowienia okre\u015blonych ogranicze\u0144,&#8230;<\/p>\n","protected":false},"author":1,"featured_media":1063,"comment_status":"closed","ping_status":"closed","sticky":true,"template":"","format":"standard","meta":{"footnotes":""},"categories":[12,14],"tags":[],"_links":{"self":[{"href":"https:\/\/fammed-grotniki.pl\/index.php?rest_route=\/wp\/v2\/posts\/1058"}],"collection":[{"href":"https:\/\/fammed-grotniki.pl\/index.php?rest_route=\/wp\/v2\/posts"}],"about":[{"href":"https:\/\/fammed-grotniki.pl\/index.php?rest_route=\/wp\/v2\/types\/post"}],"author":[{"embeddable":true,"href":"https:\/\/fammed-grotniki.pl\/index.php?rest_route=\/wp\/v2\/users\/1"}],"replies":[{"embeddable":true,"href":"https:\/\/fammed-grotniki.pl\/index.php?rest_route=%2Fwp%2Fv2%2Fcomments&post=1058"}],"version-history":[{"count":5,"href":"https:\/\/fammed-grotniki.pl\/index.php?rest_route=\/wp\/v2\/posts\/1058\/revisions"}],"predecessor-version":[{"id":1064,"href":"https:\/\/fammed-grotniki.pl\/index.php?rest_route=\/wp\/v2\/posts\/1058\/revisions\/1064"}],"wp:featuredmedia":[{"embeddable":true,"href":"https:\/\/fammed-grotniki.pl\/index.php?rest_route=\/wp\/v2\/media\/1063"}],"wp:attachment":[{"href":"https:\/\/fammed-grotniki.pl\/index.php?rest_route=%2Fwp%2Fv2%2Fmedia&parent=1058"}],"wp:term":[{"taxonomy":"category","embeddable":true,"href":"https:\/\/fammed-grotniki.pl\/index.php?rest_route=%2Fwp%2Fv2%2Fcategories&post=1058"},{"taxonomy":"post_tag","embeddable":true,"href":"https:\/\/fammed-grotniki.pl\/index.php?rest_route=%2Fwp%2Fv2%2Ftags&post=1058"}],"curies":[{"name":"wp","href":"https:\/\/api.w.org\/{rel}","templated":true}]}}